{"id":7182,"date":"2022-12-07T20:49:43","date_gmt":"2022-12-07T20:49:43","guid":{"rendered":"https:\/\/www.fccoheran.ch\/?p=7182"},"modified":"2022-12-07T20:49:43","modified_gmt":"2022-12-07T20:49:43","slug":"fete-de-lescalade-2022-a-corsier","status":"publish","type":"post","link":"https:\/\/www.fccoheran.ch\/?p=7182","title":{"rendered":"F\u00eate de l&rsquo;Escalade 2022 \u00e0 Corsier"},"content":{"rendered":"\n<p>Nous vous invitons \u00e0 nous rejoindre \u00e0 la f\u00eate de l&rsquo;Escalade qui aura lieu vendredi 9 d\u00e9cembre \u00e0 salle communale de Corsier.<\/p>\n\n\n\n<p>Fid\u00e8le au poste, le FC Coheran sera en charge de la buvette d\u00e8s 19h! \ud83d\ude42<\/p>\n\n\n\n<p>Voici le programme:<\/p>\n\n\n\n<p><strong>18h15&nbsp;<\/strong>: D\u00e9part du cort\u00e8ge sur le mail accompagn\u00e9 par la fanfare de Cranves-Sales<\/p>\n\n\n\n<p><strong>18h45&nbsp;<\/strong>: Chants des \u00e9l\u00e8ves de l\u2019Ecole de Corsier<\/p>\n\n\n\n<p><strong>19h00&nbsp;<\/strong>: La soupe de l\u2019Escalade et ses accompagnements offerts par la Mairie<\/p>\n\n\n\n<p>&nbsp;&nbsp;&nbsp;&nbsp;&nbsp;&nbsp;&nbsp;&nbsp;&nbsp;&nbsp;&nbsp; Bar tenu par le FC CoHerAn<\/p>\n\n\n\n<p><strong>19h45&nbsp;<\/strong>: Bris de la marmite<\/p>\n\n\n\n<p><strong>20h30\u00a0<\/strong>: Bal anim\u00e9 par Aymeric<\/p>\n\n\n\n<figure class=\"wp-block-image size-full\"><a href=\"https:\/\/www.fccoheran.ch\/wp-content\/uploads\/2022\/12\/image.png\"><img loading=\"lazy\" decoding=\"async\" width=\"431\" height=\"334\" src=\"https:\/\/www.fccoheran.ch\/wp-content\/uploads\/2022\/12\/image.png\" alt=\"\" class=\"wp-image-7183\" srcset=\"https:\/\/www.fccoheran.ch\/wp-content\/uploads\/2022\/12\/image.png 431w, https:\/\/www.fccoheran.ch\/wp-content\/uploads\/2022\/12\/image-300x232.png 300w\" sizes=\"auto, (max-width: 431px) 100vw, 431px\" \/><\/a><\/figure>\n","protected":false},"excerpt":{"rendered":"<p>Nous vous invitons \u00e0 nous rejoindre \u00e0 la f\u00eate de l&rsquo;Escalade qui aura lieu vendredi 9 d\u00e9cembre \u00e0 salle communale de Corsier. Fid\u00e8le au poste, le FC Coheran sera en charge de la buvette d\u00e8s 19h! \ud83d\ude42 Voici le programme: 18h15&nbsp;: D\u00e9part du cort\u00e8ge sur le mail accompagn\u00e9 par la fanfare de Cranves-Sales 18h45&nbsp;: Chants [&hellip;]<\/p>\n","protected":false},"author":3,"featured_media":0,"comment_status":"open","ping_status":"open","sticky":false,"template":"","format":"standard","meta":{"footnotes":""},"categories":[3],"tags":[],"class_list":["post-7182","post","type-post","status-publish","format-standard","hentry","category-manifestations"],"_links":{"self":[{"href":"https:\/\/www.fccoheran.ch\/index.php?rest_route=\/wp\/v2\/posts\/7182","targetHints":{"allow":["GET"]}}],"collection":[{"href":"https:\/\/www.fccoheran.ch\/index.php?rest_route=\/wp\/v2\/posts"}],"about":[{"href":"https:\/\/www.fccoheran.ch\/index.php?rest_route=\/wp\/v2\/types\/post"}],"author":[{"embeddable":true,"href":"https:\/\/www.fccoheran.ch\/index.php?rest_route=\/wp\/v2\/users\/3"}],"replies":[{"embeddable":true,"href":"https:\/\/www.fccoheran.ch\/index.php?rest_route=%2Fwp%2Fv2%2Fcomments&post=7182"}],"version-history":[{"count":1,"href":"https:\/\/www.fccoheran.ch\/index.php?rest_route=\/wp\/v2\/posts\/7182\/revisions"}],"predecessor-version":[{"id":7184,"href":"https:\/\/www.fccoheran.ch\/index.php?rest_route=\/wp\/v2\/posts\/7182\/revisions\/7184"}],"wp:attachment":[{"href":"https:\/\/www.fccoheran.ch\/index.php?rest_route=%2Fwp%2Fv2%2Fmedia&parent=7182"}],"wp:term":[{"taxonomy":"category","embeddable":true,"href":"https:\/\/www.fccoheran.ch\/index.php?rest_route=%2Fwp%2Fv2%2Fcategories&post=7182"},{"taxonomy":"post_tag","embeddable":true,"href":"https:\/\/www.fccoheran.ch\/index.php?rest_route=%2Fwp%2Fv2%2Ftags&post=7182"}],"curies":[{"name":"wp","href":"https:\/\/api.w.org\/{rel}","templated":true}]}}