{"id":7221,"date":"2023-05-21T16:19:25","date_gmt":"2023-05-21T16:19:25","guid":{"rendered":"https:\/\/www.fccoheran.ch\/?p=7221"},"modified":"2023-05-27T16:20:00","modified_gmt":"2023-05-27T16:20:00","slug":"samedi-10-juin-tournoi-interne-et-soiree-blanche","status":"publish","type":"post","link":"https:\/\/www.fccoheran.ch\/?p=7221","title":{"rendered":"Samedi 10 juin: Tournoi Interne et Soir\u00e9e Blanche"},"content":{"rendered":"\n<figure class=\"wp-block-image size-large\"><a href=\"https:\/\/www.fccoheran.ch\/wp-content\/uploads\/2023\/05\/Tournoi-interne-1.png\"><img loading=\"lazy\" decoding=\"async\" width=\"1024\" height=\"1024\" src=\"https:\/\/www.fccoheran.ch\/wp-content\/uploads\/2023\/05\/Tournoi-interne-1-1024x1024.png\" alt=\"\" class=\"wp-image-7228\" srcset=\"https:\/\/www.fccoheran.ch\/wp-content\/uploads\/2023\/05\/Tournoi-interne-1-1024x1024.png 1024w, https:\/\/www.fccoheran.ch\/wp-content\/uploads\/2023\/05\/Tournoi-interne-1-300x300.png 300w, https:\/\/www.fccoheran.ch\/wp-content\/uploads\/2023\/05\/Tournoi-interne-1-150x150.png 150w, https:\/\/www.fccoheran.ch\/wp-content\/uploads\/2023\/05\/Tournoi-interne-1-768x768.png 768w, https:\/\/www.fccoheran.ch\/wp-content\/uploads\/2023\/05\/Tournoi-interne-1.png 1080w\" sizes=\"auto, (max-width: 1024px) 100vw, 1024px\" \/><\/a><\/figure>\n\n\n\n<p>Nous vous attendons samedi 10 juin aux Tattes pour f\u00eater la fin de la saison de foot!<br>Nous vous avons pr\u00e9par\u00e9 une apr\u00e8s-midi et soir\u00e9e de folie avec pleins d&rsquo;activit\u00e9s et de surprises!<br>Venez d\u00e9couvrir notre foodtruck, notre stand photo, notre terrain de p\u00e9tanque, ping-pong&#8230;<\/p>\n\n\n\n<p>Au programme:<\/p>\n\n\n\n<ul class=\"wp-block-list\">\n<li>petit tournoi de foot \u00e0 6 d\u00e8s 15h30 avec les membres des diff\u00e9rentes \u00e9quipes du club et leur famille \u00e9largie (parents, fr\u00e8re, s\u0153ur, oncle, tante, grands-parents et autre) <\/li>\n\n\n\n<li>d\u00e8s 18h30 la soir\u00e9e blanche:  ap\u00e9ro, repas et plus au fameux Traquenard Bar<\/li>\n\n\n\n<li>et bien sur \u00e0 21h00 la finale de la Ligue des Champions!<\/li>\n<\/ul>\n\n\n\n<p>Inscription obligatoire jusqu\u2019au 7 juin via <a href=\"https:\/\/forms.gle\/U6YUVYEkqEY8kdA56\" data-type=\"URL\" data-id=\"https:\/\/forms.gle\/U6YUVYEkqEY8kdA56\" target=\"_blank\" rel=\"noreferrer noopener\">ce formulaire en ligne<\/a> :<\/p>\n\n\n\n<p>\u2013 Tournoi&nbsp;<br>Merci de nous indiquer combien vous serez pour jouer&nbsp;<\/p>\n\n\n\n<p>\u2013 Repas&nbsp;<br>Adulte : nombre&nbsp;<br>Enfants : nombre&nbsp;<\/p>\n\n\n\n<p>Au plaisir de vous voir le 10 juin&nbsp;!<\/p>\n","protected":false},"excerpt":{"rendered":"<p>Nous vous attendons samedi 10 juin aux Tattes pour f\u00eater la fin de la saison de foot!Nous vous avons pr\u00e9par\u00e9 une apr\u00e8s-midi et soir\u00e9e de folie avec pleins d&rsquo;activit\u00e9s et de surprises!Venez d\u00e9couvrir notre foodtruck, notre stand photo, notre terrain de p\u00e9tanque, ping-pong&#8230; Au programme: Inscription obligatoire jusqu\u2019au 7 juin via ce formulaire en ligne [&hellip;]<\/p>\n","protected":false},"author":3,"featured_media":0,"comment_status":"open","ping_status":"open","sticky":false,"template":"","format":"standard","meta":{"footnotes":""},"categories":[3,15],"tags":[],"class_list":["post-7221","post","type-post","status-publish","format-standard","hentry","category-manifestations","category-vie-du-club"],"_links":{"self":[{"href":"https:\/\/www.fccoheran.ch\/index.php?rest_route=\/wp\/v2\/posts\/7221","targetHints":{"allow":["GET"]}}],"collection":[{"href":"https:\/\/www.fccoheran.ch\/index.php?rest_route=\/wp\/v2\/posts"}],"about":[{"href":"https:\/\/www.fccoheran.ch\/index.php?rest_route=\/wp\/v2\/types\/post"}],"author":[{"embeddable":true,"href":"https:\/\/www.fccoheran.ch\/index.php?rest_route=\/wp\/v2\/users\/3"}],"replies":[{"embeddable":true,"href":"https:\/\/www.fccoheran.ch\/index.php?rest_route=%2Fwp%2Fv2%2Fcomments&post=7221"}],"version-history":[{"count":4,"href":"https:\/\/www.fccoheran.ch\/index.php?rest_route=\/wp\/v2\/posts\/7221\/revisions"}],"predecessor-version":[{"id":7229,"href":"https:\/\/www.fccoheran.ch\/index.php?rest_route=\/wp\/v2\/posts\/7221\/revisions\/7229"}],"wp:attachment":[{"href":"https:\/\/www.fccoheran.ch\/index.php?rest_route=%2Fwp%2Fv2%2Fmedia&parent=7221"}],"wp:term":[{"taxonomy":"category","embeddable":true,"href":"https:\/\/www.fccoheran.ch\/index.php?rest_route=%2Fwp%2Fv2%2Fcategories&post=7221"},{"taxonomy":"post_tag","embeddable":true,"href":"https:\/\/www.fccoheran.ch\/index.php?rest_route=%2Fwp%2Fv2%2Ftags&post=7221"}],"curies":[{"name":"wp","href":"https:\/\/api.w.org\/{rel}","templated":true}]}}