{"id":7506,"date":"2025-07-24T18:45:42","date_gmt":"2025-07-24T18:45:42","guid":{"rendered":"https:\/\/www.fccoheran.ch\/?p=7506"},"modified":"2025-07-24T18:46:47","modified_gmt":"2025-07-24T18:46:47","slug":"saison-2025-2026-dates-de-reprise","status":"publish","type":"post","link":"https:\/\/www.fccoheran.ch\/?p=7506","title":{"rendered":"Saison 2025-2026 : dates de reprise"},"content":{"rendered":"\n<p>Jeudi 28 ao\u00fbt : Seniors + 40 R\u00e9gional <\/p>\n\n\n\n<p>Vendredi 29 ao\u00fbt : Seniors +30 \/ +40 Promotion<\/p>\n\n\n\n<p>Samedi 30 ao\u00fbt : Juniors C \/ D \/ E <\/p>\n\n\n\n<p>Dimanche 31 ao\u00fbt : 1\u00e8re &amp; 2\u00e8me \u00e9quipe <\/p>\n\n\n\n<figure class=\"wp-block-image size-large\"><a href=\"https:\/\/www.fccoheran.ch\/wp-content\/uploads\/2022\/07\/cropped-WhatsApp-Image-2020-11-24-at-21.41.13-6.jpeg\"><img loading=\"lazy\" decoding=\"async\" width=\"1024\" height=\"387\" src=\"https:\/\/www.fccoheran.ch\/wp-content\/uploads\/2022\/07\/cropped-WhatsApp-Image-2020-11-24-at-21.41.13-6-1024x387.jpeg\" alt=\"\" class=\"wp-image-7024\" srcset=\"https:\/\/www.fccoheran.ch\/wp-content\/uploads\/2022\/07\/cropped-WhatsApp-Image-2020-11-24-at-21.41.13-6-1024x387.jpeg 1024w, https:\/\/www.fccoheran.ch\/wp-content\/uploads\/2022\/07\/cropped-WhatsApp-Image-2020-11-24-at-21.41.13-6-300x113.jpeg 300w, https:\/\/www.fccoheran.ch\/wp-content\/uploads\/2022\/07\/cropped-WhatsApp-Image-2020-11-24-at-21.41.13-6-768x290.jpeg 768w, https:\/\/www.fccoheran.ch\/wp-content\/uploads\/2022\/07\/cropped-WhatsApp-Image-2020-11-24-at-21.41.13-6-1536x580.jpeg 1536w, https:\/\/www.fccoheran.ch\/wp-content\/uploads\/2022\/07\/cropped-WhatsApp-Image-2020-11-24-at-21.41.13-6.jpeg 2000w\" sizes=\"auto, (max-width: 1024px) 100vw, 1024px\" \/><\/a><\/figure>\n","protected":false},"excerpt":{"rendered":"<p>Jeudi 28 ao\u00fbt : Seniors + 40 R\u00e9gional Vendredi 29 ao\u00fbt : Seniors +30 \/ +40 Promotion Samedi 30 ao\u00fbt : Juniors C \/ D \/ E Dimanche 31 ao\u00fbt : 1\u00e8re &amp; 2\u00e8me \u00e9quipe<\/p>\n","protected":false},"author":2,"featured_media":0,"comment_status":"open","ping_status":"open","sticky":false,"template":"","format":"standard","meta":{"footnotes":""},"categories":[15],"tags":[],"class_list":["post-7506","post","type-post","status-publish","format-standard","hentry","category-vie-du-club"],"_links":{"self":[{"href":"https:\/\/www.fccoheran.ch\/index.php?rest_route=\/wp\/v2\/posts\/7506","targetHints":{"allow":["GET"]}}],"collection":[{"href":"https:\/\/www.fccoheran.ch\/index.php?rest_route=\/wp\/v2\/posts"}],"about":[{"href":"https:\/\/www.fccoheran.ch\/index.php?rest_route=\/wp\/v2\/types\/post"}],"author":[{"embeddable":true,"href":"https:\/\/www.fccoheran.ch\/index.php?rest_route=\/wp\/v2\/users\/2"}],"replies":[{"embeddable":true,"href":"https:\/\/www.fccoheran.ch\/index.php?rest_route=%2Fwp%2Fv2%2Fcomments&post=7506"}],"version-history":[{"count":2,"href":"https:\/\/www.fccoheran.ch\/index.php?rest_route=\/wp\/v2\/posts\/7506\/revisions"}],"predecessor-version":[{"id":7508,"href":"https:\/\/www.fccoheran.ch\/index.php?rest_route=\/wp\/v2\/posts\/7506\/revisions\/7508"}],"wp:attachment":[{"href":"https:\/\/www.fccoheran.ch\/index.php?rest_route=%2Fwp%2Fv2%2Fmedia&parent=7506"}],"wp:term":[{"taxonomy":"category","embeddable":true,"href":"https:\/\/www.fccoheran.ch\/index.php?rest_route=%2Fwp%2Fv2%2Fcategories&post=7506"},{"taxonomy":"post_tag","embeddable":true,"href":"https:\/\/www.fccoheran.ch\/index.php?rest_route=%2Fwp%2Fv2%2Ftags&post=7506"}],"curies":[{"name":"wp","href":"https:\/\/api.w.org\/{rel}","templated":true}]}}