{"id":866,"date":"2013-06-23T12:35:19","date_gmt":"2013-06-23T12:35:19","guid":{"rendered":"http:\/\/www.fccoheran.ch\/?p=866"},"modified":"2013-06-23T12:35:19","modified_gmt":"2013-06-23T12:35:19","slug":"merci-2","status":"publish","type":"post","link":"https:\/\/www.fccoheran.ch\/?p=866","title":{"rendered":"Merci !!!!!!!!"},"content":{"rendered":"<p>Merci \u00e0 tous pour votre pr\u00e9sence hier lors du tournoi interne de fin de saison.<\/p>\n<p>Plus de 75 joueurs durant la journ\u00e9e pour disputer les matchs et voir le Bayern Munich s&rsquo;imposer en finale face au FC Sion.<\/p>\n<p>Plus de 100 personnes pour le grand BBQ de fin de journ\u00e9e.<\/p>\n<p>4 matchs de gala organis\u00e9s durant la journ\u00e9e et soir\u00e9e \ud83d\ude42<\/p>\n<p>Merci \u00e0 CC et Dani pour votre aide pour l&rsquo;organisation.<\/p>\n<p>Merci \u00e0 Helena pour la tenue parfaite de la buvette (comme d&rsquo;habitude)<\/p>\n<p>Bravo encore \u00e0 nos \u00ab\u00a0matur\u00e9s\u00a0\u00bb du matin<\/p>\n<p>Bon anniversaire encore \u00e0\u00a0Pierrot Carthoblaz alias Pierre Savioz \ud83d\ude42<\/p>\n<p>Bon \u00e9t\u00e9 \u00e0 tous et longue vie au FCC !!!!!<\/p>\n","protected":false},"excerpt":{"rendered":"<p>Merci \u00e0 tous pour votre pr\u00e9sence hier lors du tournoi interne de fin de saison. Plus de 75 joueurs durant la journ\u00e9e pour disputer les matchs et voir le Bayern Munich s&rsquo;imposer en finale face au FC Sion. Plus de 100 personnes pour le grand BBQ de fin de journ\u00e9e. 4 matchs de gala organis\u00e9s [&hellip;]<\/p>\n","protected":false},"author":2,"featured_media":0,"comment_status":"open","ping_status":"open","sticky":false,"template":"","format":"standard","meta":{"footnotes":""},"categories":[3,5,15],"tags":[],"class_list":["post-866","post","type-post","status-publish","format-standard","hentry","category-manifestations","category-saison-2012-2013","category-vie-du-club"],"_links":{"self":[{"href":"https:\/\/www.fccoheran.ch\/index.php?rest_route=\/wp\/v2\/posts\/866","targetHints":{"allow":["GET"]}}],"collection":[{"href":"https:\/\/www.fccoheran.ch\/index.php?rest_route=\/wp\/v2\/posts"}],"about":[{"href":"https:\/\/www.fccoheran.ch\/index.php?rest_route=\/wp\/v2\/types\/post"}],"author":[{"embeddable":true,"href":"https:\/\/www.fccoheran.ch\/index.php?rest_route=\/wp\/v2\/users\/2"}],"replies":[{"embeddable":true,"href":"https:\/\/www.fccoheran.ch\/index.php?rest_route=%2Fwp%2Fv2%2Fcomments&post=866"}],"version-history":[{"count":1,"href":"https:\/\/www.fccoheran.ch\/index.php?rest_route=\/wp\/v2\/posts\/866\/revisions"}],"predecessor-version":[{"id":867,"href":"https:\/\/www.fccoheran.ch\/index.php?rest_route=\/wp\/v2\/posts\/866\/revisions\/867"}],"wp:attachment":[{"href":"https:\/\/www.fccoheran.ch\/index.php?rest_route=%2Fwp%2Fv2%2Fmedia&parent=866"}],"wp:term":[{"taxonomy":"category","embeddable":true,"href":"https:\/\/www.fccoheran.ch\/index.php?rest_route=%2Fwp%2Fv2%2Fcategories&post=866"},{"taxonomy":"post_tag","embeddable":true,"href":"https:\/\/www.fccoheran.ch\/index.php?rest_route=%2Fwp%2Fv2%2Ftags&post=866"}],"curies":[{"name":"wp","href":"https:\/\/api.w.org\/{rel}","templated":true}]}}